{"id":238,"date":"2021-11-16T14:44:12","date_gmt":"2021-11-16T14:44:12","guid":{"rendered":"https:\/\/www.tranchedesurvie.org\/?p=238"},"modified":"2022-01-29T12:25:35","modified_gmt":"2022-01-29T12:25:35","slug":"francois-fernandezs-story-3","status":"publish","type":"post","link":"https:\/\/www.tranchedesurvie.org\/en\/small-posts\/francois-fernandezs-story-3\/","title":{"rendered":"D&rsquo;ombres et de Lumi\u00e8res"},"content":{"rendered":"<p>\u00ab\u00a0S&rsquo;il est minuit dans le si\u00e8cle\u00a0\u00bb<\/p>\n\n\n\n<p>Andr\u00e9 Fernandez, \u00e9poux d&rsquo;H\u00e9l\u00e8ne Fernandez, fils de Fran\u00e7ois Fernandez &#8211; 1995<\/p>\n\n\n\n<p>Il faisait noir dans cette p\u00e9riode de l&rsquo;histoire. Les uniformes \u00e9taient gris et noirs et nombreux. Les lueurs de l&rsquo;espoir avaient disparu. Le soleil qui s&rsquo;\u00e9tait lev\u00e9 \u00e0 l&rsquo;Est \u00e9tait mort. La lumi\u00e8re et la chaleur qui donnent l&rsquo;envie de vivre avaient disparu. La neige devait \u00eatre grise et froide \u00e0 Auschwitz. Il faisait froid aussi l&rsquo;hiver 1943 et l&rsquo;hiver 1944 dans les Maquis c\u00e9venols. L&rsquo;envie de vivre, c&rsquo;\u00e9tait l&rsquo;envie de survivre, pierre parmi les pierres, ombre parmi les ombres, \u00ab\u00a0une heure obstin\u00e9ment\u00a0\u00bb. Des millions ont sombr\u00e9 dans les t\u00e9n\u00e8bres, dans l&rsquo;indiff\u00e9rence des autres, souvent.<\/p>\n\n\n\n<p>Pourtant, parfois de petites bougies vite \u00e9clair\u00e9es, vite \u00e9teintes, ont pu vous r\u00e9chauffer le c\u0153ur. Qui dira les liens tiss\u00e9s entre ceux qui \u00e9changent un m\u00e9got de cigarette, un bout de pain, une information, un encouragement ? Qui dira l&rsquo;immense et chaude solidarit\u00e9 des regards \u00e9chang\u00e9s, entre vous les \u00e9gaux de l&rsquo;Holocauste, des fragiles mais formidables r\u00e9seaux constitu\u00e9s au c\u0153ur m\u00eame de l&rsquo;enfer ?<br>Qui dira la solidarit\u00e9 du \u00ab\u00a0pauvre monde des masures\u00a0\u00bb \u00e9cras\u00e9 sous les bombes ?<\/p>\n\n\n\n<p><em>Aujourd&rsquo;hui la lumi\u00e8re est revenue<\/em><\/p>\n\n\n\n<p>Le souvenir de l&rsquo;Holocauste sort enfin de la p\u00e9nombre du non-dit. La m\u00e9moire des disparus est admise. La lumi\u00e8re de la connaissance progresse, l&rsquo;information traverse le monde \u00e0 toute allure. La lumi\u00e8re du ciel m\u00e9diterran\u00e9en vous est due.<\/p>\n\n\n\n<div class=\"wp-block-cover is-light\"><span aria-hidden=\"true\" class=\"has-background-dim-0 wp-block-cover__gradient-background has-background-dim\"><\/span><img fetchpriority=\"high\" decoding=\"async\" width=\"1440\" height=\"416\" class=\"wp-block-cover__image-background wp-image-177\" alt=\"\" src=\"https:\/\/www.tranchedesurvie.org\/wp-content\/uploads\/2021\/11\/Group-6.jpg\" data-object-fit=\"cover\" srcset=\"https:\/\/www.tranchedesurvie.org\/wp-content\/uploads\/2021\/11\/Group-6.jpg 1440w, https:\/\/www.tranchedesurvie.org\/wp-content\/uploads\/2021\/11\/Group-6-300x87.jpg 300w, https:\/\/www.tranchedesurvie.org\/wp-content\/uploads\/2021\/11\/Group-6-1024x296.jpg 1024w, https:\/\/www.tranchedesurvie.org\/wp-content\/uploads\/2021\/11\/Group-6-768x222.jpg 768w\" sizes=\"(max-width: 1440px) 100vw, 1440px\" \/><div class=\"wp-block-cover__inner-container is-layout-flow wp-block-cover-is-layout-flow\">\n<p><em>L&rsquo;avenir en clair-obscur<\/em><\/p>\n\n\n\n<p>Le devoir de m\u00e9moire nous est assur\u00e9ment impos\u00e9 \u00e0 nous, la g\u00e9n\u00e9ration de l&rsquo;apr\u00e8s-guerre, et \u00e0 nos enfants. Mais il est sans nul doute un autre devoir qui nous est impos\u00e9, plus complexe, au fond, celui-l\u00e0 : ce sera de veiller \u00e0 ce que la lumi\u00e8re du foyer ne s&rsquo;\u00e9teigne plus.<\/p>\n<\/div><\/div>\n\n\n\n<p>Nous le savons, les uniformes peuvent revenir. Sous certains cieux, ces uniformes veulent voiler la f\u00e9minit\u00e9 ; d&rsquo;autres n&rsquo;ont gard\u00e9 du rouge que le sang.<\/p>\n\n\n\n<p>Il faudra que les soleils nouveaux qui se l\u00e8veront n&rsquo;oublient plus la le\u00e7on des \u00ab\u00a0Lumi\u00e8res\u00a0\u00bb. Pour que la clart\u00e9, le jour soient, mieux vaut pouvoir disposer de plusieurs sources d&rsquo;\u00e9nergie. Nous en connaissons plusieurs : s\u00e9paration des pouvoirs, la\u00efcit\u00e9, ind\u00e9pendance, int\u00e9grit\u00e9, libert\u00e9 de l&rsquo;information, libre discussion, droit au travail, droit au minimum vital, s\u00e9paration de la sph\u00e8re priv\u00e9e et de la sph\u00e8re publique, tol\u00e9rance, respect des religions, entre autres.<\/p>\n\n\n\n<p>Mais, en fuyant tout dogmatisme et tout souci d&rsquo;exclusive, il ne nous est pas interdit d&rsquo;en imaginer de nouvelles. Que votre exemple nous aide.<\/p>\n\n\n\n<p>&nbsp;<\/p>","protected":false},"excerpt":{"rendered":"<p>\u00ab\u00a0S&rsquo;il est minuit dans le si\u00e8cle\u00a0\u00bb Andr\u00e9 Fernandez, \u00e9poux d&rsquo;H\u00e9l\u00e8ne Fernandez, fils de Fran\u00e7ois Fernandez &#8211; 1995 Il faisait noir dans cette p\u00e9riode de l&rsquo;histoire. Les uniformes \u00e9taient gris et noirs et nombreux. Les lueurs de l&rsquo;espoir avaient disparu. Le soleil qui s&rsquo;\u00e9tait lev\u00e9 \u00e0 l&rsquo;Est \u00e9tait mort. La lumi\u00e8re et la chaleur qui donnent [&hellip;]<\/p>","protected":false},"author":1,"featured_media":1185,"comment_status":"open","ping_status":"open","sticky":false,"template":"","format":"standard","meta":{"footnotes":""},"categories":[12],"tags":[],"class_list":["post-238","post","type-post","status-publish","format-standard","has-post-thumbnail","hentry","category-small-posts"],"_links":{"self":[{"href":"https:\/\/www.tranchedesurvie.org\/en\/wp-json\/wp\/v2\/posts\/238","targetHints":{"allow":["GET"]}}],"collection":[{"href":"https:\/\/www.tranchedesurvie.org\/en\/wp-json\/wp\/v2\/posts"}],"about":[{"href":"https:\/\/www.tranchedesurvie.org\/en\/wp-json\/wp\/v2\/types\/post"}],"author":[{"embeddable":true,"href":"https:\/\/www.tranchedesurvie.org\/en\/wp-json\/wp\/v2\/users\/1"}],"replies":[{"embeddable":true,"href":"https:\/\/www.tranchedesurvie.org\/en\/wp-json\/wp\/v2\/comments?post=238"}],"version-history":[{"count":8,"href":"https:\/\/www.tranchedesurvie.org\/en\/wp-json\/wp\/v2\/posts\/238\/revisions"}],"predecessor-version":[{"id":1547,"href":"https:\/\/www.tranchedesurvie.org\/en\/wp-json\/wp\/v2\/posts\/238\/revisions\/1547"}],"wp:featuredmedia":[{"embeddable":true,"href":"https:\/\/www.tranchedesurvie.org\/en\/wp-json\/wp\/v2\/media\/1185"}],"wp:attachment":[{"href":"https:\/\/www.tranchedesurvie.org\/en\/wp-json\/wp\/v2\/media?parent=238"}],"wp:term":[{"taxonomy":"category","embeddable":true,"href":"https:\/\/www.tranchedesurvie.org\/en\/wp-json\/wp\/v2\/categories?post=238"},{"taxonomy":"post_tag","embeddable":true,"href":"https:\/\/www.tranchedesurvie.org\/en\/wp-json\/wp\/v2\/tags?post=238"}],"curies":[{"name":"wp","href":"https:\/\/api.w.org\/{rel}","templated":true}]}}