{"id":236,"date":"2021-11-16T14:44:26","date_gmt":"2021-11-16T14:44:26","guid":{"rendered":"https:\/\/www.tranchedesurvie.org\/?p=236"},"modified":"2022-01-23T19:57:24","modified_gmt":"2022-01-23T19:57:24","slug":"read-simone-calefs-testimony-5","status":"publish","type":"post","link":"https:\/\/www.tranchedesurvie.org\/en\/big-post-one\/read-simone-calefs-testimony-5\/","title":{"rendered":"Visite d&rsquo;un ancien centre de formations Nazi dans le parc de l\u2019Eiffel"},"content":{"rendered":"<p>Claire Fernandez, Novembre 2018<\/p>\n\n\n\n<p>Prendre un moment pour appr\u00e9cier ce que nous disent les pierres, les statues, les baraques. L\u2019homme ici a essay\u00e9 de prendre le dessus sur la nature, il s\u2019est cru omnipotent. Et pourtant, la nature se doit de reprendre ses droits.<\/p>\n\n\n\n<p>Le parc naturel Eiffel est magnifique. Il semble prot\u00e9ger cet endroit qui a \u00e9t\u00e9 l\u2019un des trois centres de formations des cadres du parti Nazi, l&rsquo;Ordensburg Vogelsang. <a href=\"http:\/\/www.vogelsang-ip.de\/fr\/startseite.html\">http:\/\/www.vogelsang-ip.de\/fr\/startseite.html<\/a><\/p>\n\n\n\n<p>Prendre un moment pour finalement ne pas pouvoir r\u00e9concilier ce centre important pour les hommes du \u00ab&nbsp;Vogelsang&nbsp;\u00bb et le centre touristique et p\u00e9dagogique qu\u2019il est devenu aujourd\u2019hui.<\/p>\n\n\n\n<p>Puiser dans la m\u00e9moire familiale et faire l\u2019exercice mental et inutile de se demander si mon grand-p\u00e8re aurait pu imaginer que je visiterais un jour ce centre nazi avec mon fils et mon mari.<\/p>\n\n\n\n<p>Visiter l\u2019exposition sur l\u2019histoire de ce centre d\u2019excellence qui avait pour ambition de former l\u2019\u00e9lite de la nation.<\/p>\n\n\n\n<p>Consid\u00e9rer avec amusement l\u2019imagerie tr\u00e8s gay de cette obsession de l\u2019homme nu, muscl\u00e9, puissant et entour\u00e9 d\u2019autres hommes.<\/p>\n\n\n\n<p>Se demander o\u00f9 et qui \u00e9taient ces femmes de l\u2019ombre, qui mettaient au service des hommes leurs talents de cuisini\u00e8res, et leur ut\u00e9rus.<\/p>\n\n\n\n<p>Avoir la naus\u00e9e devant l\u2019engouement des visiteurs de la caf\u00e9t\u00e9ria &#8211; \u00e0 propos nomm\u00e9e \u00ab\u00a0gastro\u00a0\u00bb &#8211; pour des montagnes de porc et de choucroute.<\/p>\n\n\n\n<p>Reprendre ses esprits \u00e0 l\u2019air libre pour mesurer le challenge que les organisateurs actuels du lieu doivent surmonter pour donner un sens, en ces lieux, au \u00ab&nbsp;plus jamais \u00e7a&nbsp;\u00bb&nbsp;: un centre d\u2019accueil pour les r\u00e9fugi\u00e9s, un centre de formations et un mus\u00e9e de la Croix Rouge, une expo didactique et accessible \u00e0 tous sur l\u2019\u00e9cosyst\u00e8me du parc naturel.<\/p>\n\n\n\n<p>Comprendre \u00e0 quel point il est sp\u00e9cial que le lieu soit dor\u00e9navant ouvert au public.<\/p>\n\n\n\n<p>Et se rappeler que le chant des oiseaux doit reprendre le dessus sur des chants nazis ou militaires.<\/p>\n\n\n\n<div class=\"wp-block-cover\"><img fetchpriority=\"high\" decoding=\"async\" width=\"1440\" height=\"416\" class=\"wp-block-cover__image-background wp-image-177\" alt=\"\" src=\"https:\/\/www.tranchedesurvie.org\/wp-content\/uploads\/2021\/11\/Group-6.jpg\" data-object-fit=\"cover\" srcset=\"https:\/\/www.tranchedesurvie.org\/wp-content\/uploads\/2021\/11\/Group-6.jpg 1440w, https:\/\/www.tranchedesurvie.org\/wp-content\/uploads\/2021\/11\/Group-6-300x87.jpg 300w, https:\/\/www.tranchedesurvie.org\/wp-content\/uploads\/2021\/11\/Group-6-1024x296.jpg 1024w, https:\/\/www.tranchedesurvie.org\/wp-content\/uploads\/2021\/11\/Group-6-768x222.jpg 768w\" sizes=\"(max-width: 1440px) 100vw, 1440px\" \/><div class=\"wp-block-cover__inner-container is-layout-flow wp-block-cover-is-layout-flow\">\n<p>\u00ab\u00a0Avoir la naus\u00e9e devant l\u2019engouement des visiteurs de la caf\u00e9t\u00e9ria &#8211; \u00e0 propos nomm\u00e9e \u00ab\u00a0gastro\u00a0\u00bb &#8211; pour des montagnes de porc et de choucroute.\u00a0\u00bb<\/p>\n<\/div><\/div>","protected":false},"excerpt":{"rendered":"<p>Claire Fernandez, Novembre 2018 Prendre un moment pour appr\u00e9cier ce que nous disent les pierres, les statues, les baraques. L\u2019homme ici a essay\u00e9 de prendre le dessus sur la nature, il s\u2019est cru omnipotent. Et pourtant, la nature se doit de reprendre ses droits. Le parc naturel Eiffel est magnifique. Il semble prot\u00e9ger cet endroit [&hellip;]<\/p>","protected":false},"author":1,"featured_media":1149,"comment_status":"open","ping_status":"open","sticky":false,"template":"","format":"standard","meta":{"footnotes":""},"categories":[10],"tags":[],"class_list":["post-236","post","type-post","status-publish","format-standard","has-post-thumbnail","hentry","category-big-post-one"],"_links":{"self":[{"href":"https:\/\/www.tranchedesurvie.org\/en\/wp-json\/wp\/v2\/posts\/236","targetHints":{"allow":["GET"]}}],"collection":[{"href":"https:\/\/www.tranchedesurvie.org\/en\/wp-json\/wp\/v2\/posts"}],"about":[{"href":"https:\/\/www.tranchedesurvie.org\/en\/wp-json\/wp\/v2\/types\/post"}],"author":[{"embeddable":true,"href":"https:\/\/www.tranchedesurvie.org\/en\/wp-json\/wp\/v2\/users\/1"}],"replies":[{"embeddable":true,"href":"https:\/\/www.tranchedesurvie.org\/en\/wp-json\/wp\/v2\/comments?post=236"}],"version-history":[{"count":12,"href":"https:\/\/www.tranchedesurvie.org\/en\/wp-json\/wp\/v2\/posts\/236\/revisions"}],"predecessor-version":[{"id":1268,"href":"https:\/\/www.tranchedesurvie.org\/en\/wp-json\/wp\/v2\/posts\/236\/revisions\/1268"}],"wp:featuredmedia":[{"embeddable":true,"href":"https:\/\/www.tranchedesurvie.org\/en\/wp-json\/wp\/v2\/media\/1149"}],"wp:attachment":[{"href":"https:\/\/www.tranchedesurvie.org\/en\/wp-json\/wp\/v2\/media?parent=236"}],"wp:term":[{"taxonomy":"category","embeddable":true,"href":"https:\/\/www.tranchedesurvie.org\/en\/wp-json\/wp\/v2\/categories?post=236"},{"taxonomy":"post_tag","embeddable":true,"href":"https:\/\/www.tranchedesurvie.org\/en\/wp-json\/wp\/v2\/tags?post=236"}],"curies":[{"name":"wp","href":"https:\/\/api.w.org\/{rel}","templated":true}]}}