{"id":229,"date":"2021-11-16T14:43:20","date_gmt":"2021-11-16T14:43:20","guid":{"rendered":"https:\/\/www.tranchedesurvie.org\/?p=229"},"modified":"2022-01-23T16:38:18","modified_gmt":"2022-01-23T16:38:18","slug":"read-the-testimony-of-georges-ben-attar-2","status":"publish","type":"post","link":"https:\/\/www.tranchedesurvie.org\/en\/small-posts\/read-the-testimony-of-georges-ben-attar-2\/","title":{"rendered":"Je t&rsquo;aime papa"},"content":{"rendered":"<p>B\u00e9atrice-Mathilde Ben Attar, \u00e9pouse Goetschel, fille de Georges Ben Attar et Simone Calef &#8211; 1995<\/p>\n\n\n\n<p>Tout homme sorti d&rsquo;Auschwitz exige plus que du respect : on ressent en sa pr\u00e9sence une infinie humilit\u00e9. Tu es cet homme. Cependant, tu es, avant tout, mon p\u00e8re, un p\u00e8re qui a su transmettre joie de vivre, enthousiasme et humour, ayant pourtant connu ce terrible univers des camps d&rsquo;extermination. Pour cela, Papa, au-del\u00e0 de l&rsquo;amour que je te porte, j&rsquo;ai \u00e0 ton \u00e9gard un profond sentiment d&rsquo;admiration et de reconnaissance, je reste \u00e9tonn\u00e9e devant ta bonne humeur.<\/p>\n\n\n\n<p>Si le fait de ta survie au camp est li\u00e9 au miracle, \u00e0 la chance ou au hasard, le fait de garder ta joie de vivre rel\u00e8ve de la volont\u00e9 et de l&rsquo;exploit.<\/p>\n\n\n\n<div class=\"wp-block-cover\"><img fetchpriority=\"high\" decoding=\"async\" width=\"1440\" height=\"416\" class=\"wp-block-cover__image-background wp-image-177\" alt=\"\" src=\"https:\/\/www.tranchedesurvie.org\/wp-content\/uploads\/2021\/11\/Group-6.jpg\" data-object-fit=\"cover\" srcset=\"https:\/\/www.tranchedesurvie.org\/wp-content\/uploads\/2021\/11\/Group-6.jpg 1440w, https:\/\/www.tranchedesurvie.org\/wp-content\/uploads\/2021\/11\/Group-6-300x87.jpg 300w, https:\/\/www.tranchedesurvie.org\/wp-content\/uploads\/2021\/11\/Group-6-1024x296.jpg 1024w, https:\/\/www.tranchedesurvie.org\/wp-content\/uploads\/2021\/11\/Group-6-768x222.jpg 768w\" sizes=\"(max-width: 1440px) 100vw, 1440px\" \/><div class=\"wp-block-cover__inner-container is-layout-flow wp-block-cover-is-layout-flow\">\n<p>\u00ab\u00a0II n &lsquo;est pas rare quand on a tout perdu de se perdre soi-m\u00eame\u00a0\u00bb, Primo Levi, <em>Si c&rsquo;est un homme<\/em>.<\/p>\n<\/div><\/div>\n\n\n\n<p>Par contre toi tu ne t&rsquo;es jamais perdu, ni pendant le camp o\u00f9 tu n&rsquo;as jamais perdu ta dignit\u00e9, ni apr\u00e8s ta lib\u00e9ration o\u00f9 tu as su garder ton go\u00fbt de vivre si essentiel et inestimable pour l&rsquo;homme.<br>Tu t&rsquo;inscris par l\u00e0 m\u00eame dans la tradition juive qui nous enseigne : <em>\u00ab\u00a0Tu choisiras dans la vie, la vie\u00a0\u00bb<\/em> (Deut\u00e9ronome, XXX, 19). C&rsquo;est sans doute ce que j&rsquo;ai re\u00e7u comme h\u00e9ritage et par l\u00e0 aussi je me sens le d\u00e9positaire de deux m\u00e9moires, la tienne et celle de la tradition du peuple juif.<\/p>\n\n\n\n<p>Je sais maintenant que j&rsquo;ai un devoir de m\u00e9moire et que je dois perp\u00e9tuer le souvenir sans rel\u00e2che.<br>Compte sur mon engagement.<\/p>\n\n\n\n<p><br>J&rsquo;ai d\u00e9j\u00e0 largement commenc\u00e9 \u00e0 transmettre \u00e0 mes propres enfants&#8230;<\/p>","protected":false},"excerpt":{"rendered":"<p>B\u00e9atrice-Mathilde Ben Attar, \u00e9pouse Goetschel, fille de Georges Ben Attar et Simone Calef &#8211; 1995 Tout homme sorti d&rsquo;Auschwitz exige plus que du respect : on ressent en sa pr\u00e9sence une infinie humilit\u00e9. Tu es cet homme. Cependant, tu es, avant tout, mon p\u00e8re, un p\u00e8re qui a su transmettre joie de vivre, enthousiasme et [&hellip;]<\/p>","protected":false},"author":1,"featured_media":1211,"comment_status":"open","ping_status":"open","sticky":false,"template":"","format":"standard","meta":{"footnotes":""},"categories":[12],"tags":[],"class_list":["post-229","post","type-post","status-publish","format-standard","has-post-thumbnail","hentry","category-small-posts"],"_links":{"self":[{"href":"https:\/\/www.tranchedesurvie.org\/en\/wp-json\/wp\/v2\/posts\/229","targetHints":{"allow":["GET"]}}],"collection":[{"href":"https:\/\/www.tranchedesurvie.org\/en\/wp-json\/wp\/v2\/posts"}],"about":[{"href":"https:\/\/www.tranchedesurvie.org\/en\/wp-json\/wp\/v2\/types\/post"}],"author":[{"embeddable":true,"href":"https:\/\/www.tranchedesurvie.org\/en\/wp-json\/wp\/v2\/users\/1"}],"replies":[{"embeddable":true,"href":"https:\/\/www.tranchedesurvie.org\/en\/wp-json\/wp\/v2\/comments?post=229"}],"version-history":[{"count":3,"href":"https:\/\/www.tranchedesurvie.org\/en\/wp-json\/wp\/v2\/posts\/229\/revisions"}],"predecessor-version":[{"id":1212,"href":"https:\/\/www.tranchedesurvie.org\/en\/wp-json\/wp\/v2\/posts\/229\/revisions\/1212"}],"wp:featuredmedia":[{"embeddable":true,"href":"https:\/\/www.tranchedesurvie.org\/en\/wp-json\/wp\/v2\/media\/1211"}],"wp:attachment":[{"href":"https:\/\/www.tranchedesurvie.org\/en\/wp-json\/wp\/v2\/media?parent=229"}],"wp:term":[{"taxonomy":"category","embeddable":true,"href":"https:\/\/www.tranchedesurvie.org\/en\/wp-json\/wp\/v2\/categories?post=229"},{"taxonomy":"post_tag","embeddable":true,"href":"https:\/\/www.tranchedesurvie.org\/en\/wp-json\/wp\/v2\/tags?post=229"}],"curies":[{"name":"wp","href":"https:\/\/api.w.org\/{rel}","templated":true}]}}