{"id":1580,"date":"2023-02-04T12:30:26","date_gmt":"2023-02-04T12:30:26","guid":{"rendered":"https:\/\/www.tranchedesurvie.org\/?p=1580"},"modified":"2023-02-04T14:23:38","modified_gmt":"2023-02-04T14:23:38","slug":"rapatrie-racial-retour-sur-le-retour-du-camp-de-la-mort","status":"publish","type":"post","link":"https:\/\/www.tranchedesurvie.org\/en\/small-posts\/rapatrie-racial-retour-sur-le-retour-du-camp-de-la-mort\/","title":{"rendered":"\u00ab\u00a0Rapatri\u00e9 racial\u00a0\u00bb: retour sur le retour du camp de la mort"},"content":{"rendered":"<p>Par Thierry Ben Attar, janvier 2023<\/p>\n\n\n\n<p>Au d\u00e9c\u00e8s de mes chers parents j&rsquo;ai r\u00e9cup\u00e9r\u00e9 de nombreux documents, photos et courriers entre autres.<br>J&rsquo;avais rang\u00e9 tous ces documents apr\u00e8s les avoir lus et parcourus en 2007 date du d\u00e9c\u00e8s de ma m\u00e8re Ben Attar Simone. En ce d\u00e9but d&rsquo;ann\u00e9e 2023 j&rsquo;ai eu envie de relire et de classer ces pr\u00e9cieuses archives familiales.<br>Au fil de ma lecture je suis tomb\u00e9 sur 3 documents \u00e9mouvants que je souhaite publier sur ce blog.<\/p>\n\n\n<div class=\"wp-block-image\">\n<figure class=\"aligncenter size-large is-resized\"><img fetchpriority=\"high\" decoding=\"async\" src=\"https:\/\/www.tranchedesurvie.org\/wp-content\/uploads\/2023\/02\/Lettre-frere-1-726x1024.jpeg\" alt=\"\" class=\"wp-image-1584\" width=\"614\" height=\"866\" srcset=\"https:\/\/www.tranchedesurvie.org\/wp-content\/uploads\/2023\/02\/Lettre-frere-1-726x1024.jpeg 726w, https:\/\/www.tranchedesurvie.org\/wp-content\/uploads\/2023\/02\/Lettre-frere-1-213x300.jpeg 213w, https:\/\/www.tranchedesurvie.org\/wp-content\/uploads\/2023\/02\/Lettre-frere-1-768x1084.jpeg 768w, https:\/\/www.tranchedesurvie.org\/wp-content\/uploads\/2023\/02\/Lettre-frere-1-1088x1536.jpeg 1088w, https:\/\/www.tranchedesurvie.org\/wp-content\/uploads\/2023\/02\/Lettre-frere-1-9x12.jpeg 9w, https:\/\/www.tranchedesurvie.org\/wp-content\/uploads\/2023\/02\/Lettre-frere-1.jpeg 1451w\" sizes=\"(max-width: 614px) 100vw, 614px\" \/><figcaption class=\"wp-element-caption\">Lettre d&rsquo;un fr\u00e8re de Aaron Ben Attar demandant des nouvelles de sa famille<\/figcaption><\/figure>\n<\/div>\n\n\n<p>Le 1er document est une lettre \u00e9crite le 6 mai 1945, soit 1 mois \u00e0 peine apr\u00e8s le retour de mon p\u00e8re Georges du camp d&rsquo;Auschwitz et seul rescap\u00e9 des 8 membres de la famille Ben Attar.<br>Cette lettre \u00e9crite donc en mai 1945 par un fr\u00e8re de mon grand p\u00e8re Aaron, p\u00e8re de Georges, est adress\u00e9e au service psychologique de Marseille et questionne ce service en lui demandant de donner le plus vite possible des nouvelles des autres membres de la famille d\u00e9port\u00e9s et qu&rsquo;il esp\u00e9rait revoir.<\/p>\n\n\n\n<p><\/p>\n\n\n<div class=\"wp-block-image\">\n<figure class=\"aligncenter size-large is-resized\"><img decoding=\"async\" src=\"https:\/\/www.tranchedesurvie.org\/wp-content\/uploads\/2023\/02\/Reponse-lettre-769x1024.jpeg\" alt=\"\" class=\"wp-image-1585\" width=\"572\" height=\"761\" srcset=\"https:\/\/www.tranchedesurvie.org\/wp-content\/uploads\/2023\/02\/Reponse-lettre-769x1024.jpeg 769w, https:\/\/www.tranchedesurvie.org\/wp-content\/uploads\/2023\/02\/Reponse-lettre-225x300.jpeg 225w, https:\/\/www.tranchedesurvie.org\/wp-content\/uploads\/2023\/02\/Reponse-lettre-768x1023.jpeg 768w, https:\/\/www.tranchedesurvie.org\/wp-content\/uploads\/2023\/02\/Reponse-lettre-1154x1536.jpeg 1154w, https:\/\/www.tranchedesurvie.org\/wp-content\/uploads\/2023\/02\/Reponse-lettre-9x12.jpeg 9w, https:\/\/www.tranchedesurvie.org\/wp-content\/uploads\/2023\/02\/Reponse-lettre.jpeg 1538w\" sizes=\"(max-width: 572px) 100vw, 572px\" \/><figcaption class=\"wp-element-caption\">R\u00e9ponse de l&rsquo;administration fran\u00e7aise<\/figcaption><\/figure>\n<\/div>\n\n\n<p>Le 2\u00e8me document est la r\u00e9ponse de ce service re\u00e7ue une semaine apr\u00e8s et informant qu&rsquo;ils ne pouvaient donner aucune pr\u00e9cision au sujet de ces d\u00e9port\u00e9s. <\/p>\n\n\n\n<p>H\u00e9las toute la famille apprendra plus tard qu&rsquo;aucun d&rsquo;eux, hormis mon p\u00e8re Georges, n&rsquo;a surv\u00e9cu.<\/p>\n\n\n<div class=\"wp-block-image\">\n<figure class=\"aligncenter size-full is-resized\"><img decoding=\"async\" src=\"https:\/\/www.tranchedesurvie.org\/wp-content\/uploads\/2023\/02\/visite-medicale-1.jpeg\" alt=\"\" class=\"wp-image-1587\" width=\"671\" height=\"764\" srcset=\"https:\/\/www.tranchedesurvie.org\/wp-content\/uploads\/2023\/02\/visite-medicale-1.jpeg 843w, https:\/\/www.tranchedesurvie.org\/wp-content\/uploads\/2023\/02\/visite-medicale-1-263x300.jpeg 263w, https:\/\/www.tranchedesurvie.org\/wp-content\/uploads\/2023\/02\/visite-medicale-1-768x875.jpeg 768w, https:\/\/www.tranchedesurvie.org\/wp-content\/uploads\/2023\/02\/visite-medicale-1-11x12.jpeg 11w\" sizes=\"(max-width: 671px) 100vw, 671px\" \/><figcaption class=\"wp-element-caption\">\u00ab\u00a0Rapatri\u00e9 racial, d\u00e9port\u00e9 depuis le 7 octobre 1943 avec sa famille, a \u00e9t\u00e9 s\u00e9par\u00e9 de celle ci dont il n&rsquo;a plus de nouvelles.<br>Tr\u00e8s mauvais \u00e9tat de sant\u00e9, tr\u00e8s d\u00e9ficient.. Examen radio le 17 avril 1945.<br>A admettre d&rsquo;urgence dans une maison de recueillement.<br>Sans ressources.<br>Maison pill\u00e9e, meubles et linge disparus. Appartement de ses parents occup\u00e9.<br>Il y aurait urgence \u00e0 accorder \u00e0 ce gar\u00e7on 1 recours dons de 1000 \u00e0 1500 francs.<br>Recueilli par 1 de ses parents Mme Cario rue des Lombards.\u00a0\u00bb<\/figcaption><\/figure>\n<\/div>\n\n\n<p>Le 3\u00e8me document et le plus \u00e9mouvant pour moi est cette r\u00e9ponse ,datant du 28 avril 1945, soit quelques jours \u00e0 peine apr\u00e8s le retour de mon p\u00e8re d&rsquo;Auschwitz, d&rsquo;un service de bienfaisance \u00e0 une demande de recours et fait \u00e9tat de l&rsquo;extr\u00eame faiblesse physique et psychologique de mon p\u00e8re Georges recueilli alors chez une tante \u00e0 Marseille.<\/p>\n\n\n\n<p><br>On sugg\u00e8re une convalescence imm\u00e9diate dans un centre de recueillement et on lui accorde un secours de 1500 francs.<\/p>","protected":false},"excerpt":{"rendered":"<p>Par Thierry Ben Attar, janvier 2023 Au d\u00e9c\u00e8s de mes chers parents j&rsquo;ai r\u00e9cup\u00e9r\u00e9 de nombreux documents, photos et courriers entre autres.J&rsquo;avais rang\u00e9 tous ces documents apr\u00e8s les avoir lus et parcourus en 2007 date du d\u00e9c\u00e8s de ma m\u00e8re Ben Attar Simone. En ce d\u00e9but d&rsquo;ann\u00e9e 2023 j&rsquo;ai eu envie de relire et de [&hellip;]<\/p>","protected":false},"author":1,"featured_media":1581,"comment_status":"open","ping_status":"open","sticky":false,"template":"","format":"standard","meta":{"footnotes":""},"categories":[12],"tags":[],"class_list":["post-1580","post","type-post","status-publish","format-standard","has-post-thumbnail","hentry","category-small-posts"],"_links":{"self":[{"href":"https:\/\/www.tranchedesurvie.org\/en\/wp-json\/wp\/v2\/posts\/1580","targetHints":{"allow":["GET"]}}],"collection":[{"href":"https:\/\/www.tranchedesurvie.org\/en\/wp-json\/wp\/v2\/posts"}],"about":[{"href":"https:\/\/www.tranchedesurvie.org\/en\/wp-json\/wp\/v2\/types\/post"}],"author":[{"embeddable":true,"href":"https:\/\/www.tranchedesurvie.org\/en\/wp-json\/wp\/v2\/users\/1"}],"replies":[{"embeddable":true,"href":"https:\/\/www.tranchedesurvie.org\/en\/wp-json\/wp\/v2\/comments?post=1580"}],"version-history":[{"count":7,"href":"https:\/\/www.tranchedesurvie.org\/en\/wp-json\/wp\/v2\/posts\/1580\/revisions"}],"predecessor-version":[{"id":1592,"href":"https:\/\/www.tranchedesurvie.org\/en\/wp-json\/wp\/v2\/posts\/1580\/revisions\/1592"}],"wp:featuredmedia":[{"embeddable":true,"href":"https:\/\/www.tranchedesurvie.org\/en\/wp-json\/wp\/v2\/media\/1581"}],"wp:attachment":[{"href":"https:\/\/www.tranchedesurvie.org\/en\/wp-json\/wp\/v2\/media?parent=1580"}],"wp:term":[{"taxonomy":"category","embeddable":true,"href":"https:\/\/www.tranchedesurvie.org\/en\/wp-json\/wp\/v2\/categories?post=1580"},{"taxonomy":"post_tag","embeddable":true,"href":"https:\/\/www.tranchedesurvie.org\/en\/wp-json\/wp\/v2\/tags?post=1580"}],"curies":[{"name":"wp","href":"https:\/\/api.w.org\/{rel}","templated":true}]}}