{"id":1430,"date":"2022-01-28T09:39:41","date_gmt":"2022-01-28T09:39:41","guid":{"rendered":"https:\/\/www.tranchedesurvie.org\/?p=1430"},"modified":"2022-01-29T10:06:32","modified_gmt":"2022-01-29T10:06:32","slug":"une-visite-a-auschwitz","status":"publish","type":"post","link":"https:\/\/www.tranchedesurvie.org\/en\/big-post-one\/une-visite-a-auschwitz\/","title":{"rendered":"Une visite \u00e0 Auschwitz"},"content":{"rendered":"<p>H\u00e9l\u00e8ne Fernandez Ben Attar, Judith Fernandez &#8211; 2018<\/p>\n\n\n\n<p>Le 15 avril 2018, Judith et moi avons d\u00e9cid\u00e9 d\u2019aller visiter le camp d\u2019Auschwitz-Birkenau.<\/p>\n\n\n\n<p>La meilleure solution pour visiter Auschwitz en fran\u00e7ais est de prendre une visite guid\u00e9e. Depuis Cracovie, plusieurs agences proposent des visites incluant le transport, ou d&rsquo;autres encore sans le transport. Nous avons choisi la visite incluant le transport et un airbnb dans Cracovie, \u00e0 l\u2019entr\u00e9e du quartier juif.<\/p>\n\n\n\n<p>Nous voil\u00e0 en touriste dans Cracovie, o\u00f9 , apr\u00e8s un tour dans la ville, une pause ap\u00e9ritif et un d\u00cener \u00e0 base de champignons, c\u2019est la sp\u00e9cialit\u00e9, nous rentrons.<\/p>\n\n\n\n<p>Tout semblait bien aller. Mais voil\u00e0 que soudain je me mets \u00e0 \u00eatre malade, du genre \u00e0 passer la nuit dans les toilettes, assise parterre, tremblante, f\u00e9brile et livide. Judith dort et ne s\u2019aper\u00e7oit de mon \u00e9tat que tard dans la nuit. Inutile de vous dire tout ce qui me traverse l\u2019esprit. Il sera impossible pour moi d\u2019effectuer la visite, m\u00eame si nous avons choisi un ramassage \u00e0 domicile pour \u00ab aller au camp \u00bb.<\/p>\n\n\n\n<p>Judith me motive en me disant que <em>\u00ab m\u00eame malade, je dois y aller, quitte \u00e0 rester dans la navette car sinon je le regretterais \u00bb<\/em>. <\/p>\n\n\n\n<p>Nous voil\u00e0 donc parties, apr\u00e8s cette nuit m\u00e9morable. Je suis ext\u00e9nu\u00e9e, je dors \u00e0 moiti\u00e9, je me demande comment je vais pouvoir tenir debout. C\u2019est sans compter sur la t\u00e9nacit\u00e9 de Judith, qui me soutient. Car les visites sont \u00e0 effectuer au pas de course et \u00e0 chaque pas je me demande si je ne vais pas m\u2019\u00e9crouler.<\/p>\n\n\n\n<p>Lorsqu\u2019on parle de visiter Auschwitz, on parle en r\u00e9alit\u00e9 de trois camps. Le camp d\u2019Auschwitz, c\u2019est donc trois camps :<\/p>\n\n\n\n<p>Auschwitz I : le camp de concentration avec son entr\u00e9e <em>\"<\/em> <em>Arbeit macht frei<\/em> <em>\"<\/em> en allemand, <em>\"<\/em> Le travail rend libre <em>\"<\/em>.<\/p>\n\n\n\n<p>Auschwitz II, appel\u00e9 aussi Auschwitz-Birkenau : le camp d\u2019extermination, o\u00f9 plus d\u20191 million de personnes ont \u00e9t\u00e9 extermin\u00e9es.<\/p>\n\n\n\n<p>Auschwitz III, appel\u00e9 aussi Auschwitz-Monowitz : le camp de concentration centr\u00e9 sur le travail forc\u00e9.<\/p>\n\n\n\n<p>Et ces camps se situent \u00e0 peu pr\u00e9s \u00e0 1h20 de Cracovie.<\/p>\n\n\n\n<p>Apr\u00e8s quelques explications, nous arrivons dans le mus\u00e9e o\u00f9 se trouvent les lunettes et les chaussures, notamment. Sans crier gare, me voici prise de naus\u00e9es. Je pars en courant vers la premi\u00e8re issue, suivie de pr\u00e8s par Judith, et l\u00e0, je vomis. A cet instant, je ne r\u00e9alise pas la symbolique de cet acte. Nous reprenons la visite et rejoignons le guide au pas de course.<\/p>\n\n\n\n<p>Mais j\u2019ai une mission : \u00e9crire un mot et le glisser sous une pierre sur les rails. Ce mot, il dira : <em>Georges a r\u00e9ussi et il a eu 5 enfants: Monique, Thierry, Fabrice, B\u00e9atrice et moi, H\u00e9l\u00e8ne, venue ici le 15 avril 2018. <\/em><\/p>\n\n\n\n<div class=\"wp-block-image\"><figure class=\"aligncenter size-full is-resized\"><img fetchpriority=\"high\" decoding=\"async\" src=\"https:\/\/www.tranchedesurvie.org\/wp-content\/uploads\/2022\/01\/Note-Auschwitz-2.jpeg\" alt=\"\" class=\"wp-image-1428\" width=\"358\" height=\"478\" srcset=\"https:\/\/www.tranchedesurvie.org\/wp-content\/uploads\/2022\/01\/Note-Auschwitz-2.jpeg 720w, https:\/\/www.tranchedesurvie.org\/wp-content\/uploads\/2022\/01\/Note-Auschwitz-2-225x300.jpeg 225w, https:\/\/www.tranchedesurvie.org\/wp-content\/uploads\/2022\/01\/Note-Auschwitz-2-9x12.jpeg 9w\" sizes=\"(max-width: 358px) 100vw, 358px\" \/><figcaption><em>Le mot que j&rsquo;ai gliss\u00e9  sous les rails<\/em>.<\/figcaption><\/figure><\/div>\n\n\n\n<p>Je l\u2019ai fait, mais \u00e7a a \u00e9t\u00e9 tr\u00e8s difficile, car tout est chronom\u00e9tr\u00e9 et surveill\u00e9. J\u2019aurais voulu \u00e9crire que je suis venue avec ma fille, mais j\u2019ai \u00e9crit \u00e7a sur le dos de Judith, en ayant quitt\u00e9 le groupe et cotonneuse. Nous les rejoindrons presque en courant car il fallait \u00eatre \u00e0 l\u2019heure pour le retour qui s\u2019est effectu\u00e9, pour ma part, en dormant. Nous sommes arriv\u00e9es dans la chambre vers 16 h et je me suis couch\u00e9e jusqu\u2019au lendemain matin. Judith est ressortie visiter un mus\u00e9e et d\u00eener, mais seule. Je ne me suis aper\u00e7ue de rien.<\/p>\n\n\n\n<p>Merci Judith, d\u2019avoir tout organis\u00e9 et d\u2019\u00eatre venue avec moi pour voir ce sinistre endroit o\u00f9 tes arri\u00e8res grands-parents sont rest\u00e9s mais d\u2019o\u00f9 ton grand-p\u00e8re est sorti vivant. Ta vie, ainsi que la mienne, nous la devons \u00e0 sa survie. Merci papa pour ton courage.<\/p>\n\n\n\n<p>Quand je raconte ce voyage, beaucoup me disent que ce n\u2019est pas un hasard si j\u2019ai \u00e9t\u00e9 malade. Personne n\u2019accepte ma version : j\u2019ai \u00e9t\u00e9 intoxiqu\u00e9e par les champignons ! Mais qui sait, je veux bien croire que le hasard n\u2019existe pas et qu\u2019inconsciemment j\u2019ai \u00e9t\u00e9 malade. En tout cas, vomir dans le camp m\u2019a bien plu, c\u2019est tout \u00e0 fait ce que m\u2019inspire cet endroit. Je m\u2019en souviens encore&#8230;<\/p>\n\n\n\n<div class=\"wp-block-image\"><figure class=\"aligncenter size-full is-resized\"><img decoding=\"async\" src=\"https:\/\/www.tranchedesurvie.org\/wp-content\/uploads\/2022\/01\/Maman-Auschwitz-2.jpeg\" alt=\"\" class=\"wp-image-1429\" width=\"359\" height=\"471\" srcset=\"https:\/\/www.tranchedesurvie.org\/wp-content\/uploads\/2022\/01\/Maman-Auschwitz-2.jpeg 674w, https:\/\/www.tranchedesurvie.org\/wp-content\/uploads\/2022\/01\/Maman-Auschwitz-2-229x300.jpeg 229w, https:\/\/www.tranchedesurvie.org\/wp-content\/uploads\/2022\/01\/Maman-Auschwitz-2-9x12.jpeg 9w\" sizes=\"(max-width: 359px) 100vw, 359px\" \/><figcaption><em>Malade, mais je suis all\u00e9e rendre hommage<\/em>.<\/figcaption><\/figure><\/div>\n\n\n\n<p>Pour finir, j\u2019aimerais dire que ce qui m\u2019a le plus marqu\u00e9e, c\u2019est l\u2019immensit\u00e9 de l\u2019endroit, dans une plaine d\u00e9couverte. \u00c7a m\u2019a vraiment impressionn\u00e9e. Il n\u2019\u00e9tait pas possible que les Polonais ne soient pas au courant. Et pourtant, \u00e0 les entendre, ils ne savaient pas\u2026 J\u2019en veux pour preuve la position polonaise qui dit, depuis 2018: <em>\u00ab La Pologne vise \u00e0 interdire l\u2019expression <\/em>\u00ab\u00a0camps de la mort polonais\u00a0\u00bb <em>et toute implication de la <\/em>\u00ab\u00a0responsabilit\u00e9 ou coresponsabilit\u00e9\u00a0\u00bb<em> des Polonais dans la mise en \u0153uvre de la <\/em>\u00ab\u00a0solution finale\u00a0\u00bb<em>. Le Temps, 30 janvier 2018<\/em><\/p>","protected":false},"excerpt":{"rendered":"<p>H\u00e9l\u00e8ne Fernandez Ben Attar, Judith Fernandez &#8211; 2018 Le 15 avril 2018, Judith et moi avons d\u00e9cid\u00e9 d\u2019aller visiter le camp d\u2019Auschwitz-Birkenau. La meilleure solution pour visiter Auschwitz en fran\u00e7ais est de prendre une visite guid\u00e9e. Depuis Cracovie, plusieurs agences proposent des visites incluant le transport, ou d&rsquo;autres encore sans le transport. Nous avons choisi [&hellip;]<\/p>","protected":false},"author":1,"featured_media":1427,"comment_status":"open","ping_status":"open","sticky":false,"template":"","format":"standard","meta":{"footnotes":""},"categories":[10],"tags":[],"class_list":["post-1430","post","type-post","status-publish","format-standard","has-post-thumbnail","hentry","category-big-post-one"],"_links":{"self":[{"href":"https:\/\/www.tranchedesurvie.org\/en\/wp-json\/wp\/v2\/posts\/1430","targetHints":{"allow":["GET"]}}],"collection":[{"href":"https:\/\/www.tranchedesurvie.org\/en\/wp-json\/wp\/v2\/posts"}],"about":[{"href":"https:\/\/www.tranchedesurvie.org\/en\/wp-json\/wp\/v2\/types\/post"}],"author":[{"embeddable":true,"href":"https:\/\/www.tranchedesurvie.org\/en\/wp-json\/wp\/v2\/users\/1"}],"replies":[{"embeddable":true,"href":"https:\/\/www.tranchedesurvie.org\/en\/wp-json\/wp\/v2\/comments?post=1430"}],"version-history":[{"count":5,"href":"https:\/\/www.tranchedesurvie.org\/en\/wp-json\/wp\/v2\/posts\/1430\/revisions"}],"predecessor-version":[{"id":1522,"href":"https:\/\/www.tranchedesurvie.org\/en\/wp-json\/wp\/v2\/posts\/1430\/revisions\/1522"}],"wp:featuredmedia":[{"embeddable":true,"href":"https:\/\/www.tranchedesurvie.org\/en\/wp-json\/wp\/v2\/media\/1427"}],"wp:attachment":[{"href":"https:\/\/www.tranchedesurvie.org\/en\/wp-json\/wp\/v2\/media?parent=1430"}],"wp:term":[{"taxonomy":"category","embeddable":true,"href":"https:\/\/www.tranchedesurvie.org\/en\/wp-json\/wp\/v2\/categories?post=1430"},{"taxonomy":"post_tag","embeddable":true,"href":"https:\/\/www.tranchedesurvie.org\/en\/wp-json\/wp\/v2\/tags?post=1430"}],"curies":[{"name":"wp","href":"https:\/\/api.w.org\/{rel}","templated":true}]}}