{"id":1235,"date":"2022-01-23T19:02:40","date_gmt":"2022-01-23T19:02:40","guid":{"rendered":"https:\/\/www.tranchedesurvie.org\/?p=1235"},"modified":"2022-01-29T12:18:07","modified_gmt":"2022-01-29T12:18:07","slug":"a-jamais-unis-tous-deux","status":"publish","type":"post","link":"https:\/\/www.tranchedesurvie.org\/en\/small-posts\/a-jamais-unis-tous-deux\/","title":{"rendered":"A jamais unis tous deux"},"content":{"rendered":"<p>Simone Calef, \u00e9pouse Georges Ben Attar &#8211; 1995<\/p>\n\n\n\n<p>A mon mari,<\/p>\n\n\n\n<p>En ce cinquantenaire de la lib\u00e9ration d&rsquo;Auschwitz, notre c\u0153ur d\u00e9borde de larmes : qui peut pr\u00e9tendre l&rsquo;avoir assez grand pour contenir toute l&rsquo;humiliation, tout le d\u00e9sespoir, toute la souffrance de tant de millions d&rsquo;\u00e2mes disparues si injustement ? La r\u00e9volte s&rsquo;ajoute \u00e0 mon chagrin, quand je pense \u00e0 mes connaissances n\u00eemoises, \u00e0 tes chers parents, \u00e0 tes s\u0153urs superbes, tous partis splendides de sant\u00e9 pour ne plus revenir.<\/p>\n\n\n\n<p>Le soleil s&rsquo;est enfin lev\u00e9 pour toi, \u00f4 mon Georges, mon \u00e9poux ! en cet anniversaire de la lib\u00e9ration de ton camp qui t&rsquo;a emprisonn\u00e9 plusieurs mois.<\/p>\n\n\n\n<p><br>Au risque de froisser ma pudeur, je voudrais de m\u00eame te dire que mon c\u0153ur n&rsquo;a pas \u00e9t\u00e9 assez grand pour contenir la joie que j&rsquo;ai ressentie \u00e0 l&rsquo;annonce de ton retour \u00e0 N\u00eemes, la compassion pr\u00e9tentieuse qui me disait, lorsque je t&rsquo;ai crois\u00e9, le regard encore \u00e9gar\u00e9 par tant d&rsquo;horreurs vues et v\u00e9cues, \u00a0\u00bb tu pourrais le rendre heureux\u00a0\u00bb, enfin l&rsquo;amour que tu m&rsquo;as inspir\u00e9 redevenu ce beau grand jeune homme souriant et heureux de ressusciter.<\/p>\n\n\n\n<p><br>A jamais unis tous deux.<\/p>\n\n\n\n<p><br>JE T&rsquo;AIME<\/p>","protected":false},"excerpt":{"rendered":"<p>Simone Calef, \u00e9pouse Georges Ben Attar &#8211; 1995 A mon mari, En ce cinquantenaire de la lib\u00e9ration d&rsquo;Auschwitz, notre c\u0153ur d\u00e9borde de larmes : qui peut pr\u00e9tendre l&rsquo;avoir assez grand pour contenir toute l&rsquo;humiliation, tout le d\u00e9sespoir, toute la souffrance de tant de millions d&rsquo;\u00e2mes disparues si injustement ? La r\u00e9volte s&rsquo;ajoute \u00e0 mon chagrin, [&hellip;]<\/p>","protected":false},"author":1,"featured_media":13,"comment_status":"open","ping_status":"open","sticky":false,"template":"","format":"standard","meta":{"footnotes":""},"categories":[12],"tags":[],"class_list":["post-1235","post","type-post","status-publish","format-standard","has-post-thumbnail","hentry","category-small-posts"],"_links":{"self":[{"href":"https:\/\/www.tranchedesurvie.org\/en\/wp-json\/wp\/v2\/posts\/1235","targetHints":{"allow":["GET"]}}],"collection":[{"href":"https:\/\/www.tranchedesurvie.org\/en\/wp-json\/wp\/v2\/posts"}],"about":[{"href":"https:\/\/www.tranchedesurvie.org\/en\/wp-json\/wp\/v2\/types\/post"}],"author":[{"embeddable":true,"href":"https:\/\/www.tranchedesurvie.org\/en\/wp-json\/wp\/v2\/users\/1"}],"replies":[{"embeddable":true,"href":"https:\/\/www.tranchedesurvie.org\/en\/wp-json\/wp\/v2\/comments?post=1235"}],"version-history":[{"count":2,"href":"https:\/\/www.tranchedesurvie.org\/en\/wp-json\/wp\/v2\/posts\/1235\/revisions"}],"predecessor-version":[{"id":1542,"href":"https:\/\/www.tranchedesurvie.org\/en\/wp-json\/wp\/v2\/posts\/1235\/revisions\/1542"}],"wp:featuredmedia":[{"embeddable":true,"href":"https:\/\/www.tranchedesurvie.org\/en\/wp-json\/wp\/v2\/media\/13"}],"wp:attachment":[{"href":"https:\/\/www.tranchedesurvie.org\/en\/wp-json\/wp\/v2\/media?parent=1235"}],"wp:term":[{"taxonomy":"category","embeddable":true,"href":"https:\/\/www.tranchedesurvie.org\/en\/wp-json\/wp\/v2\/categories?post=1235"},{"taxonomy":"post_tag","embeddable":true,"href":"https:\/\/www.tranchedesurvie.org\/en\/wp-json\/wp\/v2\/tags?post=1235"}],"curies":[{"name":"wp","href":"https:\/\/api.w.org\/{rel}","templated":true}]}}